{"id":1983,"date":"2020-11-11T13:56:11","date_gmt":"2020-11-11T12:56:11","guid":{"rendered":"http:\/\/www.areabesos.com\/diario\/?p=1983"},"modified":"2020-11-11T13:56:13","modified_gmt":"2020-11-11T12:56:13","slug":"la-remodelacio-de-la-rambleta-estara-llesta-lestiu-de-2022","status":"publish","type":"post","link":"https:\/\/www.areabesos.com\/diario\/la-remodelacio-de-la-rambleta-estara-llesta-lestiu-de-2022\/","title":{"rendered":"La remodelaci\u00f3 de la Rambleta estar\u00e0 llesta l&#8217;estiu de 2022"},"content":{"rendered":"\n<p>A finals de maig de 2019 es van iniciar les obres de remodelaci\u00f3 de la Rambleta, una actuaci\u00f3 que t\u00e9 com a objectiu transformar aquest passeig en un espai central de la ciutat, que millori la connexi\u00f3 amb el riu, el faci accessible i incrementi l\u2019espai verd i obert per a les persones.<\/p>\n\n\n\n<p>Mentre s\u2019estaven desenvolupant les obres, es va detectar en una zona concreta de l\u2019 \u00e0mbit d\u2019actuaci\u00f3, la pres\u00e8ncia de s\u00f2ls contaminats, fet que va obligar, al novembre del 2019, a suspendre la intervenci\u00f3, per la qual cosa es va cobrir el material que havia aflorat i es va tancar el recinte de l\u2019obra. Tal com determina el protocol d\u2019actuaci\u00f3 establert a la legislaci\u00f3 vigent, l\u2019\u00c0rea Metropolitana de Barcelona (AMB), responsable de l\u2019obra, va comunicar la troballa a l\u2019administraci\u00f3 competent, l\u2019Ag\u00e8ncia de Residus de Catalunya,&nbsp; iniciant-se el procediment que ha de finalitzar amb la neteja dels s\u00f2ls contaminats i permetre continuar el projecte de reforma del passeig.<\/p>\n\n\n\n<p>Durant el primer semestre de 2020 i dins de l\u2019esmentat protocol, l\u2019AMB va realitzar una diagnosi de l\u2019abast de la contaminaci\u00f3 tant del subs\u00f2l com de l&#8217;aq\u00fc\u00edfer del riu Bes\u00f2s. Els resultats de l\u2019estudi indiquen que les aig\u00fces fre\u00e0tiques no estan afectades i acoten l\u2019\u00e0mbit del s\u00f2l contaminat, fet que ha perm\u00e8s el trasplantament de 16 til\u00b7lers a un altre espai. Posteriorment, l\u2019AMB va elaborar una proposta de descontaminaci\u00f3 que ha estat ja validada per l\u2019Ag\u00e8ncia Catalana de Residus. <strong>Aquests treballs tindran un cost de 2.000.000 \u20ac.<\/strong><\/p>\n\n\n\n<p>L\u2019 AMB ha comunicat a l\u2019Ajuntament <strong>un nou calendari d\u2019actuaci\u00f3 <\/strong>que preveu una modificaci\u00f3 substancial de les dates respecte al que es va comunicar ara fa un any. La complexitat de la intervenci\u00f3 que ha fet necess\u00e0ria una soluci\u00f3 consensuada de totes les administracions implicades; el context de l\u2019epid\u00e8mia de Covid-19 que ha afectat el funcionament normal de tots els \u00e0mbits, i el fet que les obres de descontaminaci\u00f3 s\u2019hagin d\u2019adjudicat per un procediment obert expliquen l\u2019endarreriment de l\u2019inici de les diferents accions.<\/p>\n\n\n\n<p><strong>El nou calendari preveu<\/strong> que <strong>aquest mes de novembre es licitin els treballs de descontaminaci\u00f3 i que l\u2019actuaci\u00f3 comenci al maig de 2021 i finalitzi al setembre-octubre del mateix any<\/strong>. Un cop feta la neteja, els treballs pendents de <strong>les obres del projecte de remodelaci\u00f3 de la Rambleta<\/strong>,&nbsp; <strong>es reiniciarien l\u2019octubre de 2021 i s\u2019enllestirien l\u2019estiu de 2022, at\u00e8s que la durada prevista \u00e9s d\u2019uns 8 mesos.<\/strong><\/p>\n","protected":false},"excerpt":{"rendered":"<p>A finals de maig de 2019 es van iniciar les obres de remodelaci\u00f3 de la Rambleta, una actuaci\u00f3 que t\u00e9 com a objectiu transformar aquest passeig en un espai central de la ciutat, que millori la connexi\u00f3 amb el riu, el faci accessible i incrementi l\u2019espai verd i obert per a les persones. Mentre s\u2019estaven [&hellip;]<\/p>\n","protected":false},"author":1,"featured_media":1984,"comment_status":"open","ping_status":"open","sticky":false,"template":"","format":"standard","meta":{"footnotes":""},"categories":[134],"tags":[],"class_list":{"0":"post-1983","1":"post","2":"type-post","3":"status-publish","4":"format-standard","5":"has-post-thumbnail","7":"category-actualitat"},"_links":{"self":[{"href":"https:\/\/www.areabesos.com\/diario\/wp-json\/wp\/v2\/posts\/1983","targetHints":{"allow":["GET"]}}],"collection":[{"href":"https:\/\/www.areabesos.com\/diario\/wp-json\/wp\/v2\/posts"}],"about":[{"href":"https:\/\/www.areabesos.com\/diario\/wp-json\/wp\/v2\/types\/post"}],"author":[{"embeddable":true,"href":"https:\/\/www.areabesos.com\/diario\/wp-json\/wp\/v2\/users\/1"}],"replies":[{"embeddable":true,"href":"https:\/\/www.areabesos.com\/diario\/wp-json\/wp\/v2\/comments?post=1983"}],"version-history":[{"count":1,"href":"https:\/\/www.areabesos.com\/diario\/wp-json\/wp\/v2\/posts\/1983\/revisions"}],"predecessor-version":[{"id":1985,"href":"https:\/\/www.areabesos.com\/diario\/wp-json\/wp\/v2\/posts\/1983\/revisions\/1985"}],"wp:featuredmedia":[{"embeddable":true,"href":"https:\/\/www.areabesos.com\/diario\/wp-json\/wp\/v2\/media\/1984"}],"wp:attachment":[{"href":"https:\/\/www.areabesos.com\/diario\/wp-json\/wp\/v2\/media?parent=1983"}],"wp:term":[{"taxonomy":"category","embeddable":true,"href":"https:\/\/www.areabesos.com\/diario\/wp-json\/wp\/v2\/categories?post=1983"},{"taxonomy":"post_tag","embeddable":true,"href":"https:\/\/www.areabesos.com\/diario\/wp-json\/wp\/v2\/tags?post=1983"}],"curies":[{"name":"wp","href":"https:\/\/api.w.org\/{rel}","templated":true}]}}