{"id":1970,"date":"2020-11-06T10:21:01","date_gmt":"2020-11-06T09:21:01","guid":{"rendered":"http:\/\/www.areabesos.com\/diario\/?p=1970"},"modified":"2020-11-06T10:21:04","modified_gmt":"2020-11-06T09:21:04","slug":"donald-trump-y-nuestros-malos-perdedores","status":"publish","type":"post","link":"https:\/\/www.areabesos.com\/diario\/donald-trump-y-nuestros-malos-perdedores\/","title":{"rendered":"Donald Trump y nuestros malos perdedores"},"content":{"rendered":"\n<p>A\u00fan no ha ganado Biden pero no puedo dejar de pensar en Trump y su amenaza de recurrir a los jueces para buscar la victoria que le habr\u00edan negado los votos. Por culpa de lo mal que le sientan las derrotas al a\u00fan presidente, es probable que tampoco pueda saber usted el nombre del vencedor antes de terminar esta lectura.<\/p>\n\n\n\n<p>Entonces es cuando regresa el recuerdo de tantos pol\u00edticos espa\u00f1oles que llevan toda la vida demostrando su cobard\u00eda m\u00e1s vil a la hora de enfrentarse a los avatares de su \u201ctrabajo\u201d pues eligen, como Trump, el camino f\u00e1cil de los juzgados como treta contra el adversario ganador, o contra quien propone negociar un futuro en el que no quieren ni pensar.<\/p>\n\n\n\n<p>Se han convertido, estos l\u00edderes de nuestra derecha que jam\u00e1s han criticado a Trump por muchas burradas que dijera, en el cl\u00e1sico vecino picapleitos, sobre todo cuando no est\u00e1n gobernando. Se consideran los m\u00e1ximos defensores de la iniciativa privada, pero si fueran directivos de empresas de las que se ganan la vida compitiendo y su estrategia fuera presentar demandas judiciales para ejercer presi\u00f3n contra clientes o proveedores, no durar\u00edan ni una semana en el despacho.<\/p>\n\n\n\n<p>Se trata de la judicializaci\u00f3n de la pol\u00edtica que, para \u201ctriunfar\u201d, necesita de unos jueces que se consideran llamados a bloquear, con tecnicismos, las ilusiones que dibujan los cambios que el progreso necesita para hacerse realidad.<\/p>\n\n\n\n<p>Como no recordar a Pablo Casado impidiendo la renovaci\u00f3n del Consejo General del Poder Judicial cuando vemos a Trump nombrando jueces del Tribunal Supremo de USA hasta conseguir seis de nueve, la \u00faltima a cuatro d\u00edas de las elecciones.<\/p>\n\n\n\n<p>Y como no recordar tambi\u00e9n a un juez Marchena sin la decencia de rechazar cualquier destino que pudiera dar p\u00e1bulo al mensaje que Ignacio Cosid\u00f3 envi\u00f3 al resto de senadores del PP informando que con \u00e9l tendr\u00edan \u201ccontrolada por detr\u00e1s\u201d la Sala que m\u00e1s les interesa del Tribunal Supremo. \u00bfAlg\u00fan juez de guardia llam\u00f3 al senador para pedirle explicaciones? Tampoco.<\/p>\n\n\n\n<p>Y tampoco es posible olvidar a Mariano Rajoy llevando al Tribunal Constitucional una ley aprobada por un Parlamento auton\u00f3mico, por el Congreso de los Diputados y en un refer\u00e9ndum absolutamente legal. A un TC al que se le recus\u00f3 uno de sus miembros para asegurar el dictamen que buscaba el PP demandante, que no fue sino una decisi\u00f3n pol\u00edtica envenenada por doce togados que lo que termin\u00f3 consiguiendo fue cultivar todos los odios que caben en el grito de \u201c\u00a1\u00a1A por ellos!!\u201d animando a miles de polic\u00edas y guardias civiles que, armados de violencia, embarcaban para ejercerla contra cientos de miles de personas que solo pretend\u00edan dejar constancia del futuro que quer\u00edan.&nbsp; &nbsp;<\/p>\n\n\n\n<p>Mientras pienso en nuestros malos perdedores, en este pueblo donde vivo son las cuatro de la tarde del 5 de noviembre y est\u00e1 nublado, pero no llueve. Tampoco lo llamar\u00eda viento, aunque las hojas de los \u00e1rboles se mueven. Y la temperatura es tan c\u00f3moda que puedo elegir entre ponerme una chaqueta de entretiempo o ir en manga corta.<\/p>\n\n\n\n<p>He salido a pasear y hay poca gente por la calle. Bicicletas infantiles regresando de la escuela o acudiendo a extraescolares. He olvidado el maldito m\u00f3vil, un error imperdonable. Me quito las gafas empa\u00f1adas por culpa de la mascarilla y me siento en la terraza del bar de una de las esquinas.<\/p>\n\n\n\n<p>Pienso en lo lejos que vivo de las calles donde algunos comercios a ras del suelo han elevado barreras contra los tumultos que veo en las pantallas. En la prensa de papel leo que Biden y su mensaje de regresar a la decencia est\u00e1 consiguiendo derrotar al miedo cultivado por Trump con su \u00faltima amenaza, la incre\u00edble de no aceptar la derrota. No cabe duda de la clase de voto que ha buscado el presidente.<\/p>\n\n\n\n<p>Hablando de los amigos de Trump, leo entre par\u00e9ntesis que el hijo mayor de Bolsonaro, Flavio, no debe ser gay, pues su padre declar\u00f3 que en ese caso preferir\u00eda verlo muerto. En cambio, la fiscal\u00eda lo est\u00e1 investigando por cuatro delitos, todos los cuales riman con corrupci\u00f3n. Si adem\u00e1s pierde Donald, a Jair m\u00e1s le valdr\u00e1 no intentarlo de nuevo. Y a\u00fan quedan fiscales, como uno de Suiza de apellido Bertossa y cuyo trabajo est\u00e1 sobrevolando Alpes y Pirineos.<\/p>\n\n\n\n<p>Cierro Brasil y nuestra monarqu\u00eda corrupta para pensar tambi\u00e9n en lo peligrosa que podr\u00eda ser una segunda y \u00faltima legislatura de Trump por lo mucho que lo han sido otras. Por ejemplo, cuando, siendo candidato, Aznar se comprometi\u00f3 a solo dos intentos para parecer m\u00e1s dem\u00f3crata que nadie. Soy de los que piensan que si hubiera tenido que competir en las urnas de 2004 se habr\u00eda pensado mucho m\u00e1s lo de embarcarnos en la guerra de Irak pues demasiados millones est\u00e1bamos activamente en contra, incluido un tal Pedro J desde las portadas de \u201cEl Mundo\u201d. No obstante, soy partidario de la limitaci\u00f3n de mandatos y muchos otros cambios contra el siempre peligroso bipartidismo.<\/p>\n\n\n\n<p>Recuperada la conexi\u00f3n leo que a Trump le faltan 50 votos electorales m\u00e1s que a Biden para conseguir los 270, pero nunca se sabe. Desde este momento hasta que termine el recuento, m\u00e1s todo el tiempo que el peor de los peores perdedores que recuerdo quiera seguir enredando con sus jueces siempre lentos, pensar\u00e9 que en Europa y en Espa\u00f1a los peligrosos seguidores del peligroso Donald, confesos o no, tendr\u00e1n que volver a inventar miedos de su propia cosecha para asustar lo suficiente. &nbsp;<\/p>\n\n\n\n<p>Gobernar en tiempos revueltos es dif\u00edcil. Por eso, la pol\u00edtica que sigue la derecha espa\u00f1ola consiste en delegar ciertas obligaciones en los jueces porque saben que con ello ir\u00e1n encarcelando la democracia dentro de la legalidad vigente, sin necesidad de golpes de Estado ni guerras civiles, pero tambi\u00e9n cerrando cualquier posibilidad a que sus v\u00edctimas puedan romper los nuevos grilletes y recuperar la libertad.<\/p>\n\n\n\n<p><span style=\"background-color:#021219\" class=\"td_text_highlight_marker\">Domingo Sanz<\/span><\/p>\n","protected":false},"excerpt":{"rendered":"<p>A\u00fan no ha ganado Biden pero no puedo dejar de pensar en Trump y su amenaza de recurrir a los jueces para buscar la victoria que le habr\u00edan negado los votos. Por culpa de lo mal que le sientan las derrotas al a\u00fan presidente, es probable que tampoco pueda saber usted el nombre del vencedor [&hellip;]<\/p>\n","protected":false},"author":2,"featured_media":1515,"comment_status":"open","ping_status":"open","sticky":false,"template":"","format":"standard","meta":{"footnotes":""},"categories":[134],"tags":[],"class_list":{"0":"post-1970","1":"post","2":"type-post","3":"status-publish","4":"format-standard","5":"has-post-thumbnail","7":"category-actualitat"},"_links":{"self":[{"href":"https:\/\/www.areabesos.com\/diario\/wp-json\/wp\/v2\/posts\/1970","targetHints":{"allow":["GET"]}}],"collection":[{"href":"https:\/\/www.areabesos.com\/diario\/wp-json\/wp\/v2\/posts"}],"about":[{"href":"https:\/\/www.areabesos.com\/diario\/wp-json\/wp\/v2\/types\/post"}],"author":[{"embeddable":true,"href":"https:\/\/www.areabesos.com\/diario\/wp-json\/wp\/v2\/users\/2"}],"replies":[{"embeddable":true,"href":"https:\/\/www.areabesos.com\/diario\/wp-json\/wp\/v2\/comments?post=1970"}],"version-history":[{"count":1,"href":"https:\/\/www.areabesos.com\/diario\/wp-json\/wp\/v2\/posts\/1970\/revisions"}],"predecessor-version":[{"id":1971,"href":"https:\/\/www.areabesos.com\/diario\/wp-json\/wp\/v2\/posts\/1970\/revisions\/1971"}],"wp:featuredmedia":[{"embeddable":true,"href":"https:\/\/www.areabesos.com\/diario\/wp-json\/wp\/v2\/media\/1515"}],"wp:attachment":[{"href":"https:\/\/www.areabesos.com\/diario\/wp-json\/wp\/v2\/media?parent=1970"}],"wp:term":[{"taxonomy":"category","embeddable":true,"href":"https:\/\/www.areabesos.com\/diario\/wp-json\/wp\/v2\/categories?post=1970"},{"taxonomy":"post_tag","embeddable":true,"href":"https:\/\/www.areabesos.com\/diario\/wp-json\/wp\/v2\/tags?post=1970"}],"curies":[{"name":"wp","href":"https:\/\/api.w.org\/{rel}","templated":true}]}}