{"id":1962,"date":"2020-10-29T11:45:00","date_gmt":"2020-10-29T10:45:00","guid":{"rendered":"http:\/\/www.areabesos.com\/diario\/?p=1962"},"modified":"2020-11-05T13:19:42","modified_gmt":"2020-11-05T12:19:42","slug":"area-besos-286-octubre-2020","status":"publish","type":"post","link":"https:\/\/www.areabesos.com\/diario\/area-besos-286-octubre-2020\/","title":{"rendered":"\u00c0rea Bes\u00f2s 286 Octubre 2020"},"content":{"rendered":"\n<p>En aquest n\u00famero de l&#8217;\u00c0rea Bes\u00f2s parlem de la inhabilitaci\u00f3 de 9 anys del regidor socialista Juan Carlos Ramos, el regidor m\u00e9s antic del consistori adrianenc. Tamb\u00e9 parlem dels ajuts de l&#8217;Ajuntament a les petites empreses i els emprenedors que han patit p\u00e8rdues per la pand\u00e8mia de la Covid19 i del carril bici que es preveu crear al Pont dels Passadors.<\/p>\n\n\n<a href=\"https:\/\/www.areabesos.com\/diario\/wp-content\/uploads\/2020\/10\/AREABESOS286.pdf\" class=\"pdfemb-viewer\" style=\"\" data-width=\"max\" data-height=\"max\" data-toolbar=\"both\" data-toolbar-fixed=\"on\">AREABESOS286<\/a>\n<p class=\"wp-block-pdfemb-pdf-embedder-viewer\"><\/p>\n","protected":false},"excerpt":{"rendered":"<p>En aquest n\u00famero de l&#8217;\u00c0rea Bes\u00f2s parlem de la inhabilitaci\u00f3 de 9 anys del regidor socialista Juan Carlos Ramos, el regidor m\u00e9s antic del consistori adrianenc. Tamb\u00e9 parlem dels ajuts de l&#8217;Ajuntament a les petites empreses i els emprenedors que han patit p\u00e8rdues per la pand\u00e8mia de la Covid19 i del carril bici que es [&hellip;]<\/p>\n","protected":false},"author":1,"featured_media":1908,"comment_status":"open","ping_status":"open","sticky":false,"template":"","format":"standard","meta":{"footnotes":""},"categories":[141],"tags":[],"class_list":{"0":"post-1962","1":"post","2":"type-post","3":"status-publish","4":"format-standard","5":"has-post-thumbnail","7":"category-edicio-impresa"},"_links":{"self":[{"href":"https:\/\/www.areabesos.com\/diario\/wp-json\/wp\/v2\/posts\/1962","targetHints":{"allow":["GET"]}}],"collection":[{"href":"https:\/\/www.areabesos.com\/diario\/wp-json\/wp\/v2\/posts"}],"about":[{"href":"https:\/\/www.areabesos.com\/diario\/wp-json\/wp\/v2\/types\/post"}],"author":[{"embeddable":true,"href":"https:\/\/www.areabesos.com\/diario\/wp-json\/wp\/v2\/users\/1"}],"replies":[{"embeddable":true,"href":"https:\/\/www.areabesos.com\/diario\/wp-json\/wp\/v2\/comments?post=1962"}],"version-history":[{"count":1,"href":"https:\/\/www.areabesos.com\/diario\/wp-json\/wp\/v2\/posts\/1962\/revisions"}],"predecessor-version":[{"id":1963,"href":"https:\/\/www.areabesos.com\/diario\/wp-json\/wp\/v2\/posts\/1962\/revisions\/1963"}],"wp:featuredmedia":[{"embeddable":true,"href":"https:\/\/www.areabesos.com\/diario\/wp-json\/wp\/v2\/media\/1908"}],"wp:attachment":[{"href":"https:\/\/www.areabesos.com\/diario\/wp-json\/wp\/v2\/media?parent=1962"}],"wp:term":[{"taxonomy":"category","embeddable":true,"href":"https:\/\/www.areabesos.com\/diario\/wp-json\/wp\/v2\/categories?post=1962"},{"taxonomy":"post_tag","embeddable":true,"href":"https:\/\/www.areabesos.com\/diario\/wp-json\/wp\/v2\/tags?post=1962"}],"curies":[{"name":"wp","href":"https:\/\/api.w.org\/{rel}","templated":true}]}}