{"id":1355,"date":"2020-07-28T19:43:17","date_gmt":"2020-07-28T17:43:17","guid":{"rendered":"http:\/\/www.areabesos.com\/diario\/?p=1355"},"modified":"2020-09-26T19:46:44","modified_gmt":"2020-09-26T17:46:44","slug":"sant-adria-aprova-inicialment-el-pdu-de-les-tres-xemeneies","status":"publish","type":"post","link":"https:\/\/www.areabesos.com\/diario\/sant-adria-aprova-inicialment-el-pdu-de-les-tres-xemeneies\/","title":{"rendered":"Sant Adri\u00e0 aprova inicialment el PDU de les Tres Xemeneies"},"content":{"rendered":"\n<p>Els grups municipals van donar el vistiplau, en la sessi\u00f3 plen\u00e0ria celebrada ahir 27 de juliol, a l\u2019aprovaci\u00f3 inicial del Pla director urban\u00edstic (PDU) d\u2019ordenaci\u00f3 del litoral en l\u2019 \u00e0mbit de les Tres Xemeneies.<\/p>\n\n\n\n<p>L\u2019\u00e0mbit d\u2019aquest PDU proposa, per una banda, delimitar i ordenar un sector de nova ordenaci\u00f3 d\u2019unes 32 hect\u00e0rees situades al litoral Metropolit\u00e0 de Barcelona, a la franja que queda entre la via del ferrocarril i el mar i des de la desembocadura del riu Bes\u00f2s a Sant Adri\u00e0 fins al final de l\u2019espai de les Tres Xemeneies, al l\u00edmit amb el barri de la Mora de Badalona. I d\u2019altra banda, transformar mitjan\u00e7ant directrius urban\u00edstiques, un \u00e0mbit m\u00e9s gran d\u2019aproximadament 92 hect\u00e0rees on es troben actualment magatzems i \u00e0rees industrials.<\/p>\n\n\n\n<p>L\u2019\u00e0rea de les Tres Xemeneies, on fins fa poc s\u2019ubicaven ind\u00fastries i empreses de producci\u00f3 energ\u00e8tica, ocupa una posici\u00f3 estrat\u00e8gica i molt ben comunicada dins de la ciutat metropolitana que li confereix un gran potencial per a localitzar-hi activitats. Amb el tancament de les antigues ind\u00fastries, s\u2019obre la possibilitat de repensar i transformar aquesta \u00e0rea en el marc dels processos de millora del front litoral metropolit\u00e0.<\/p>\n\n\n\n<p>Entre e<strong>ls objectius del PDU<\/strong>&nbsp;de les Tres Xemeneies cal destacar:<\/p>\n\n\n\n<ul class=\"wp-block-list\"><li>Garantir la dotaci\u00f3 d\u2019equipaments i zones verdes, tot dignificant les existents i aix\u00ed com els carrers i espais p\u00fablics.<\/li><li>Iniciar els tr\u00e0mits amb el Ministeri per tal de recuperar les platges.<\/li><\/ul>\n\n\n\n<ul class=\"wp-block-list\"><li>Destinar el 40% de pisos de nova construcci\u00f3 a habitatge protegit. D\u2019aquest habitatge protegit el 50% ser\u00e0 destinat al lloguer.<\/li><li>Incloure les infraestructures necess\u00e0ries per assegurar la connectivitat del sector, tant entre el teixit urb\u00e0 i la costa com al llarg del litoral, considerant el tramvia, la dotaci\u00f3 de voreres per als vianants i la xarxa de carrils bici.<\/li><li>Conservar les tres xemeneies com a equipament emblem\u00e0tic per a usos socioculturals. Cal recordar que les tres xemeneies i la sala de turbines de l&#8217;antiga central t\u00e8rmica van ser declarades B\u00e9 Cultural d&#8217;Inter\u00e8s Local (BCIL) per l&#8217;Ajuntament de Sant Adri\u00e0 de Bes\u00f2s el setembre de 2016.<\/li><li>Garantir la implicaci\u00f3 de les institucions p\u00fabliques en el proc\u00e9s de transformaci\u00f3 de l\u2019\u00e0mbit.<\/li><li>Fomentar la informaci\u00f3 i la participaci\u00f3 ciutadana, aix\u00ed com la transpar\u00e8ncia en la gesti\u00f3 d\u2019aquesta remodelaci\u00f3.<\/li><\/ul>\n\n\n\n<p>M\u00e9s informaci\u00f3&nbsp;<a href=\"http:\/\/territori.gencat.cat\/ca\/06_territori_i_urbanisme\/planejament_urbanistic\/pla_director_urbanistic_pdu\/en_curs\/Barcelona\/pdu_tres_xemeneies\/\">AQU\u00cd<\/a><\/p>\n","protected":false},"excerpt":{"rendered":"<p>Els grups municipals van donar el vistiplau, en la sessi\u00f3 plen\u00e0ria celebrada ahir 27 de juliol, a l\u2019aprovaci\u00f3 inicial del Pla director urban\u00edstic (PDU) d\u2019ordenaci\u00f3 del litoral en l\u2019 \u00e0mbit de les Tres Xemeneies. L\u2019\u00e0mbit d\u2019aquest PDU proposa, per una banda, delimitar i ordenar un sector de nova ordenaci\u00f3 d\u2019unes 32 hect\u00e0rees situades al litoral [&hellip;]<\/p>\n","protected":false},"author":1,"featured_media":1356,"comment_status":"open","ping_status":"open","sticky":false,"template":"","format":"standard","meta":{"footnotes":""},"categories":[134],"tags":[167,168],"class_list":{"0":"post-1355","1":"post","2":"type-post","3":"status-publish","4":"format-standard","5":"has-post-thumbnail","7":"category-actualitat","8":"tag-pdu","9":"tag-xemeneies"},"_links":{"self":[{"href":"https:\/\/www.areabesos.com\/diario\/wp-json\/wp\/v2\/posts\/1355","targetHints":{"allow":["GET"]}}],"collection":[{"href":"https:\/\/www.areabesos.com\/diario\/wp-json\/wp\/v2\/posts"}],"about":[{"href":"https:\/\/www.areabesos.com\/diario\/wp-json\/wp\/v2\/types\/post"}],"author":[{"embeddable":true,"href":"https:\/\/www.areabesos.com\/diario\/wp-json\/wp\/v2\/users\/1"}],"replies":[{"embeddable":true,"href":"https:\/\/www.areabesos.com\/diario\/wp-json\/wp\/v2\/comments?post=1355"}],"version-history":[{"count":1,"href":"https:\/\/www.areabesos.com\/diario\/wp-json\/wp\/v2\/posts\/1355\/revisions"}],"predecessor-version":[{"id":1357,"href":"https:\/\/www.areabesos.com\/diario\/wp-json\/wp\/v2\/posts\/1355\/revisions\/1357"}],"wp:featuredmedia":[{"embeddable":true,"href":"https:\/\/www.areabesos.com\/diario\/wp-json\/wp\/v2\/media\/1356"}],"wp:attachment":[{"href":"https:\/\/www.areabesos.com\/diario\/wp-json\/wp\/v2\/media?parent=1355"}],"wp:term":[{"taxonomy":"category","embeddable":true,"href":"https:\/\/www.areabesos.com\/diario\/wp-json\/wp\/v2\/categories?post=1355"},{"taxonomy":"post_tag","embeddable":true,"href":"https:\/\/www.areabesos.com\/diario\/wp-json\/wp\/v2\/tags?post=1355"}],"curies":[{"name":"wp","href":"https:\/\/api.w.org\/{rel}","templated":true}]}}