{"id":1352,"date":"2020-07-26T19:41:21","date_gmt":"2020-07-26T17:41:21","guid":{"rendered":"http:\/\/www.areabesos.com\/diario\/?p=1352"},"modified":"2020-09-26T19:42:25","modified_gmt":"2020-09-26T17:42:25","slug":"projecte-singulars-adrijove-ocupat-2020","status":"publish","type":"post","link":"https:\/\/www.areabesos.com\/diario\/projecte-singulars-adrijove-ocupat-2020\/","title":{"rendered":"Projecte Singulars AdriJove Ocupa&#8217;t 2020"},"content":{"rendered":"\n<p>Des des Promoci\u00f3 Econ\u00f2mica de l&#8217;Ajuntament de Sant Adri\u00e0 de Bes\u00f2s iniciem una nova edici\u00f3 del&nbsp;<strong>Projecte Singulars AdriJove Ocupa&#8217;t 20<\/strong><strong>20,<\/strong>&nbsp;pensat per a joves de 16 a 29 anys aturats, apuntats a l&#8217;Oficina de Treball i beneficiaris de Garantia Juvenil, que tenen motivaci\u00f3 i inter\u00e8s per formar-se en gestor\/a administratiu\/iva amb coneixements digitals.<\/p>\n\n\n\n<p>El programa el que pret\u00e9n \u00e9s la millora de l&#8217;ocupabilitat, proporcionant-los una qualificaci\u00f3 i unes compet\u00e8ncies tant personals com professionals que els permeti inserir-se en el mercat laboral ajudant-los a definir i construir el seu itinerari o traject\u00f2ria professional o b\u00e9 el retorn al sistema educatiu reglat.&nbsp;&nbsp;&nbsp; &nbsp;&nbsp;&nbsp;<\/p>\n\n\n\n<p>Si vols con\u00e8ixer el projecte vine a les nostres instal\u00b7lacions o truca&#8217;ns.<\/p>\n\n\n\n<p>\u00c1rea de Promoci\u00f3 Econ\u00f2mica<\/p>\n\n\n\n<p>Secci\u00f3 de Formaci\u00f3 i Ocupaci\u00f3<\/p>\n\n\n\n<p>EDIFICI BES\u00d2S \u2013 Pla\u00e7a Francesc Micheli i Jov\u00e9 s\/n<\/p>\n\n\n\n<p>934 622 874<\/p>\n\n\n\n<p>formacioiocupacio@sant-adria.net<\/p>\n\n\n\n<p>\u00abAquest projecte est\u00e0 subvencionat pel Servei P\u00fablic d\u2019Ocupaci\u00f3 de Catalunya, el Ministeri de Treball, Migracions i Seguretat Social i el Fons Social Europeu en el marc de la iniciativa d\u2019Ocupaci\u00f3 Juvenil, d\u2019acord amb els Projectes Singulars de Garantia Juvenil\u00bb<\/p>\n","protected":false},"excerpt":{"rendered":"<p>Des des Promoci\u00f3 Econ\u00f2mica de l&#8217;Ajuntament de Sant Adri\u00e0 de Bes\u00f2s iniciem una nova edici\u00f3 del&nbsp;Projecte Singulars AdriJove Ocupa&#8217;t 2020,&nbsp;pensat per a joves de 16 a 29 anys aturats, apuntats a l&#8217;Oficina de Treball i beneficiaris de Garantia Juvenil, que tenen motivaci\u00f3 i inter\u00e8s per formar-se en gestor\/a administratiu\/iva amb coneixements digitals. El programa el [&hellip;]<\/p>\n","protected":false},"author":1,"featured_media":1353,"comment_status":"open","ping_status":"open","sticky":false,"template":"","format":"standard","meta":{"footnotes":""},"categories":[135],"tags":[],"class_list":{"0":"post-1352","1":"post","2":"type-post","3":"status-publish","4":"format-standard","5":"has-post-thumbnail","7":"category-societat"},"_links":{"self":[{"href":"https:\/\/www.areabesos.com\/diario\/wp-json\/wp\/v2\/posts\/1352","targetHints":{"allow":["GET"]}}],"collection":[{"href":"https:\/\/www.areabesos.com\/diario\/wp-json\/wp\/v2\/posts"}],"about":[{"href":"https:\/\/www.areabesos.com\/diario\/wp-json\/wp\/v2\/types\/post"}],"author":[{"embeddable":true,"href":"https:\/\/www.areabesos.com\/diario\/wp-json\/wp\/v2\/users\/1"}],"replies":[{"embeddable":true,"href":"https:\/\/www.areabesos.com\/diario\/wp-json\/wp\/v2\/comments?post=1352"}],"version-history":[{"count":1,"href":"https:\/\/www.areabesos.com\/diario\/wp-json\/wp\/v2\/posts\/1352\/revisions"}],"predecessor-version":[{"id":1354,"href":"https:\/\/www.areabesos.com\/diario\/wp-json\/wp\/v2\/posts\/1352\/revisions\/1354"}],"wp:featuredmedia":[{"embeddable":true,"href":"https:\/\/www.areabesos.com\/diario\/wp-json\/wp\/v2\/media\/1353"}],"wp:attachment":[{"href":"https:\/\/www.areabesos.com\/diario\/wp-json\/wp\/v2\/media?parent=1352"}],"wp:term":[{"taxonomy":"category","embeddable":true,"href":"https:\/\/www.areabesos.com\/diario\/wp-json\/wp\/v2\/categories?post=1352"},{"taxonomy":"post_tag","embeddable":true,"href":"https:\/\/www.areabesos.com\/diario\/wp-json\/wp\/v2\/tags?post=1352"}],"curies":[{"name":"wp","href":"https:\/\/api.w.org\/{rel}","templated":true}]}}