{"id":1345,"date":"2020-09-07T19:31:00","date_gmt":"2020-09-07T17:31:00","guid":{"rendered":"http:\/\/www.areabesos.com\/diario\/?p=1345"},"modified":"2020-09-26T19:33:47","modified_gmt":"2020-09-26T17:33:47","slug":"el-servei-dassessorament-i-capacitacions-personalitzades-a-les-entitats-a-carrec-de-la-fundacio-pere-tarres","status":"publish","type":"post","link":"https:\/\/www.areabesos.com\/diario\/el-servei-dassessorament-i-capacitacions-personalitzades-a-les-entitats-a-carrec-de-la-fundacio-pere-tarres\/","title":{"rendered":"El servei d\u2019assessorament i capacitacions personalitzades a les entitats a c\u00e0rrec de la Fundaci\u00f3 Pere Tarr\u00e9s"},"content":{"rendered":"\n<p>El Servei de Participaci\u00f3 Ciutadana de l\u2019Ajuntament de Sant Adri\u00e0 de Bes\u00f2s posa a l\u2019abast de totes les associacions del municipi el servei d\u2019assist\u00e8ncia i capacitacions personalitzades que s\u2019adre\u00e7a com una eina m\u00e9s de suport i de foment de la xarxa associativa.<\/p>\n\n\n\n<p>Enguany, aquest servei s\u2019ha encarregat a la Fundaci\u00f3 Pere Tarr\u00e9s que compta amb una \u00e0mplia experi\u00e8ncia en la promoci\u00f3 de l&#8217;educaci\u00f3 en el temps lliure, el voluntariat, la millora de la intervenci\u00f3 social i l&#8217;enfortiment del teixit associatiu.<\/p>\n\n\n\n<p>Pel que fa a aquest servei, es posa a la disposici\u00f3 de totes les entitats una atenci\u00f3 personalitzada, d\u2019acompanyament i assessorament, adaptada les necessitats i din\u00e0miques pr\u00f2pies de la gesti\u00f3 associativa com pode ser q\u00fcestions relatives a:<\/p>\n\n\n\n<p>&#8211; Aspectes vinculats amb la&nbsp;<strong>planificaci\u00f3 i avaluaci\u00f3<\/strong>&nbsp;de les activitat anuals de les associacions: com millorar i aplicar canvis a l\u2019organitzaci\u00f3 de les accions de l\u2019entitat, seguiment i avaluaci\u00f3 dels resultats que resulti adequat i realista amb les necessitats i els recursos disponibles.<\/p>\n\n\n\n<p>&#8211; Millora de la&nbsp;<strong>comunicaci\u00f3<\/strong>&nbsp;de l\u2019entitat: com comunicar les activitats, convidar a les persones a participar-hi&#8230; Aquest aspecte ajuda a clarificar i a ordenar qu\u00e8 es fa per contribuir a la millora i el desenvolupament de les associacions des d\u2019unes accions planificades.<\/p>\n\n\n\n<p>&#8211; Les entitats necessiten de recursos per a poder garantir la realitzaci\u00f3 de les activitats i la seva sostenibilitat. El servei ofereix una diagnosi conjunta i la planificaci\u00f3 d\u2019una estrat\u00e8gia per a ser atractiu, saber com presentar l\u2019associaci\u00f3 i fer una&nbsp;<strong>captaci\u00f3 de fons<\/strong>&nbsp;m\u00e9s efectiva.<\/p>\n\n\n\n<p>&#8211; La relaci\u00f3 amb les&nbsp;<strong>persones<\/strong>&nbsp;com el pilar fonamental de les entitats. S\u2019ofereix suport per cercar eines, formes i recursos per comunicar, animar a la&nbsp;<strong>participaci\u00f3,&nbsp;<\/strong>de manera que les persones&nbsp;es sentin acompanyades, \u00fatils i que tinguin una contribuci\u00f3 efectiva al projecte (persones s\u00f2cies, usu\u00e0ries, volunt\u00e0ries&#8230;) Tanmateix es vol donar suport a les juntes directives, participaci\u00f3 en assemblees, relleus&#8230;<\/p>\n\n\n\n<p>&#8211;&nbsp;Capacitaci\u00f3 i orientaci\u00f3 en la redacci\u00f3 de documents (programes, estatuts, justificacions de subvencions&#8230;) i en els tr\u00e0mits davant les administracions.<\/p>\n\n\n\n<p>&#8211; Mediaci\u00f3 de conflictes.<\/p>\n\n\n\n<p>&#8211; Espais de reflexi\u00f3&nbsp;i formaci\u00f3 sobre temes d\u2019inter\u00e8s que es comunicaran oportunament.<\/p>\n\n\n\n<p>Les associacions que vulgueu realitzar consultes podeu fer-ho directament amb la Fundaci\u00f3 Pere Tarr\u00e9s, concertant una cita mitjan\u00e7ant el tel\u00e8fon&nbsp;639 885 275&nbsp;o enviant un correu a&nbsp;<a href=\"mailto:suportsab@peretarres.org\">suportsab@peretarres.org<\/a>. La Marta Requeno ser\u00e0 la persona encarregada de atendre-us i explicar-vos el funcionament<\/p>\n","protected":false},"excerpt":{"rendered":"<p>El Servei de Participaci\u00f3 Ciutadana de l\u2019Ajuntament de Sant Adri\u00e0 de Bes\u00f2s posa a l\u2019abast de totes les associacions del municipi el servei d\u2019assist\u00e8ncia i capacitacions personalitzades que s\u2019adre\u00e7a com una eina m\u00e9s de suport i de foment de la xarxa associativa. Enguany, aquest servei s\u2019ha encarregat a la Fundaci\u00f3 Pere Tarr\u00e9s que compta amb [&hellip;]<\/p>\n","protected":false},"author":1,"featured_media":769,"comment_status":"open","ping_status":"open","sticky":false,"template":"","format":"standard","meta":{"footnotes":""},"categories":[135],"tags":[],"class_list":{"0":"post-1345","1":"post","2":"type-post","3":"status-publish","4":"format-standard","5":"has-post-thumbnail","7":"category-societat"},"_links":{"self":[{"href":"https:\/\/www.areabesos.com\/diario\/wp-json\/wp\/v2\/posts\/1345","targetHints":{"allow":["GET"]}}],"collection":[{"href":"https:\/\/www.areabesos.com\/diario\/wp-json\/wp\/v2\/posts"}],"about":[{"href":"https:\/\/www.areabesos.com\/diario\/wp-json\/wp\/v2\/types\/post"}],"author":[{"embeddable":true,"href":"https:\/\/www.areabesos.com\/diario\/wp-json\/wp\/v2\/users\/1"}],"replies":[{"embeddable":true,"href":"https:\/\/www.areabesos.com\/diario\/wp-json\/wp\/v2\/comments?post=1345"}],"version-history":[{"count":1,"href":"https:\/\/www.areabesos.com\/diario\/wp-json\/wp\/v2\/posts\/1345\/revisions"}],"predecessor-version":[{"id":1346,"href":"https:\/\/www.areabesos.com\/diario\/wp-json\/wp\/v2\/posts\/1345\/revisions\/1346"}],"wp:featuredmedia":[{"embeddable":true,"href":"https:\/\/www.areabesos.com\/diario\/wp-json\/wp\/v2\/media\/769"}],"wp:attachment":[{"href":"https:\/\/www.areabesos.com\/diario\/wp-json\/wp\/v2\/media?parent=1345"}],"wp:term":[{"taxonomy":"category","embeddable":true,"href":"https:\/\/www.areabesos.com\/diario\/wp-json\/wp\/v2\/categories?post=1345"},{"taxonomy":"post_tag","embeddable":true,"href":"https:\/\/www.areabesos.com\/diario\/wp-json\/wp\/v2\/tags?post=1345"}],"curies":[{"name":"wp","href":"https:\/\/api.w.org\/{rel}","templated":true}]}}