{"id":1331,"date":"2020-09-14T19:53:00","date_gmt":"2020-09-14T17:53:00","guid":{"rendered":"http:\/\/www.areabesos.com\/diario\/?p=1331"},"modified":"2020-09-25T19:54:56","modified_gmt":"2020-09-25T17:54:56","slug":"presentat-el-llibre-la-historia-de-sant-adria","status":"publish","type":"post","link":"https:\/\/www.areabesos.com\/diario\/presentat-el-llibre-la-historia-de-sant-adria\/","title":{"rendered":"Presentat el llibre \u201cLa hist\u00f2ria de Sant Adri\u00e0\u201d"},"content":{"rendered":"\n<p>L\u2019\u00faltim treball d\u2019investigaci\u00f3 fonamental per con\u00e8ixer l\u2019evoluci\u00f3 de Sant Adri\u00e0 a principis del segle XX ja t\u00e9 data i lloc de presentaci\u00f3. Ser\u00e0 als jardins del Museu d\u2019Hist\u00f2ria de la Immigraci\u00f3 (MhiC) el pr\u00f2xim 15 de juliol a les 19 h i comptar\u00e0 amb la pres\u00e8ncia el seu autor, Manel M\u00e1rquez Berrocal, el qual culmina aix\u00ed amb 20 anys d\u2019investigaci\u00f3 arreu dels arxius del territori.<br>\u201cLa hist\u00f2ria de Sant Adri\u00e0 de Bes\u00f2s: de 1900 a 1939\u201d la formen 3 volums dedicats als trets fonamentals que van marcar aquests anys: la construcci\u00f3 de la ciutat, la formaci\u00f3 de la classe obrera i la lluita per la llibertat emmarcada des de la pol\u00edtica, la societat i la cultura.<br>\u201cEs tracta d\u2019una eina b\u00e0sica de consulta per comprendre el passat i l\u2019evoluci\u00f3 del territori en aquest anys clau de la hist\u00f2ria de Sant Adri\u00e0\u201d, afirma l\u2019alcalde Joan Callau, \u201cmarcada a m\u00e9s per una ind\u00fastria puntera i un creixement demogr\u00e0fic determinant que ha sabut mantenir la seva identitat.<br>L\u2019autor, Manel M\u00e1rquez, amb arrels extremenyes i des de la inf\u00e0ncia a Catalunya, es considera un enamorat de Sant Adri\u00e0 i m\u00e9s quan es va enfonsar a la seva hist\u00f2ria. M\u00e1rquez se sent orgull\u00f3s d\u2019aquesta aportaci\u00f3 a la ciutadania. \u00c9s, en realitat, la seva tesi doctoral (excel\u00b7lent cum laude i premi extraordinari de Doctorat de la UAB del curs 2019) reconvertida a publicaci\u00f3. \u201cL\u2019acc\u00e9s a un arxiu com el de Sant Adri\u00e0 viu i ric ha sigut fonamental per comprendre el trencaclosques del passat i reconstruir, amb tot detall, la vida i els actes d\u2019aquella ciutadania que \u00e9s protagonista\u201d.<br>Aquesta edici\u00f3 ha comptat amb el suport de l\u2019Oficina de Patrimoni Cultural de la DIBA i tracta d\u2019impulsar la recerca de la hist\u00f2ria social de la ciutat. Molt aviat podr\u00e0 consultar-se a l\u2019arxiu i les biblioteques municipals.<\/p>\n","protected":false},"excerpt":{"rendered":"<p>L\u2019\u00faltim treball d\u2019investigaci\u00f3 fonamental per con\u00e8ixer l\u2019evoluci\u00f3 de Sant Adri\u00e0 a principis del segle XX ja t\u00e9 data i lloc de presentaci\u00f3. Ser\u00e0 als jardins del Museu d\u2019Hist\u00f2ria de la Immigraci\u00f3 (MhiC) el pr\u00f2xim 15 de juliol a les 19 h i comptar\u00e0 amb la pres\u00e8ncia el seu autor, Manel M\u00e1rquez Berrocal, el qual culmina [&hellip;]<\/p>\n","protected":false},"author":1,"featured_media":1332,"comment_status":"open","ping_status":"open","sticky":false,"template":"","format":"standard","meta":{"footnotes":""},"categories":[136],"tags":[],"class_list":{"0":"post-1331","1":"post","2":"type-post","3":"status-publish","4":"format-standard","5":"has-post-thumbnail","7":"category-cultura"},"_links":{"self":[{"href":"https:\/\/www.areabesos.com\/diario\/wp-json\/wp\/v2\/posts\/1331","targetHints":{"allow":["GET"]}}],"collection":[{"href":"https:\/\/www.areabesos.com\/diario\/wp-json\/wp\/v2\/posts"}],"about":[{"href":"https:\/\/www.areabesos.com\/diario\/wp-json\/wp\/v2\/types\/post"}],"author":[{"embeddable":true,"href":"https:\/\/www.areabesos.com\/diario\/wp-json\/wp\/v2\/users\/1"}],"replies":[{"embeddable":true,"href":"https:\/\/www.areabesos.com\/diario\/wp-json\/wp\/v2\/comments?post=1331"}],"version-history":[{"count":1,"href":"https:\/\/www.areabesos.com\/diario\/wp-json\/wp\/v2\/posts\/1331\/revisions"}],"predecessor-version":[{"id":1333,"href":"https:\/\/www.areabesos.com\/diario\/wp-json\/wp\/v2\/posts\/1331\/revisions\/1333"}],"wp:featuredmedia":[{"embeddable":true,"href":"https:\/\/www.areabesos.com\/diario\/wp-json\/wp\/v2\/media\/1332"}],"wp:attachment":[{"href":"https:\/\/www.areabesos.com\/diario\/wp-json\/wp\/v2\/media?parent=1331"}],"wp:term":[{"taxonomy":"category","embeddable":true,"href":"https:\/\/www.areabesos.com\/diario\/wp-json\/wp\/v2\/categories?post=1331"},{"taxonomy":"post_tag","embeddable":true,"href":"https:\/\/www.areabesos.com\/diario\/wp-json\/wp\/v2\/tags?post=1331"}],"curies":[{"name":"wp","href":"https:\/\/api.w.org\/{rel}","templated":true}]}}