{"id":1310,"date":"2020-09-01T19:38:00","date_gmt":"2020-09-01T17:38:00","guid":{"rendered":"http:\/\/www.areabesos.com\/diario\/?p=1310"},"modified":"2020-09-25T19:39:55","modified_gmt":"2020-09-25T17:39:55","slug":"si-el-gobierno-diese-mas-posibilidades-a-la-danza-creo-que-la-gente-iria-a-verla","status":"publish","type":"post","link":"https:\/\/www.areabesos.com\/diario\/si-el-gobierno-diese-mas-posibilidades-a-la-danza-creo-que-la-gente-iria-a-verla\/","title":{"rendered":"\u00abSi el Gobierno diese m\u00e1s posibilidades a la danza, creo que la gente ir\u00eda a verla\u00bb"},"content":{"rendered":"\n<p>Sa\u00efd Ramos es el futuro, o tal vez ya es el presente de la danza cl\u00e1sica de nuestro pa\u00eds. La pasada primavera se convirti\u00f3 en el ganador de la primera edici\u00f3n del programa \u201cProdigios\u201d de TVE, recibiendo elogios de grandes como Nacho Duato, que ya le ha abierto las puertas de su compa\u00f1\u00eda. Vecino del barrio de la Mina, el amor por este arte le viene de sus padres, Olga Ponce y Mois\u00e9s Ramos, bailarines de danza espa\u00f1ola. Con tan solo 16 a\u00f1os tiene muy claro que la falta de apoyo a su disciplina, o muchas otras, en nuestro pa\u00eds es culpa de los pol\u00edticos. Actuar\u00e1 con su escuela, el Centre de Dansa de Catalunya (CDC), el s\u00e1bado 7 de septiembre en la pla\u00e7a de la Vila.<br><strong>Pregunta. \u00bfC\u00f3mo crees que recibir\u00e1 el p\u00fablico tu actuaci\u00f3n?<\/strong><br><strong>Respuesta.<\/strong> Creo que les puede gustar. Es una manera de fomentar la danza. Tal vez alg\u00fan ni\u00f1o que me vea bailar les diga a sus padres que le gusta y que quiere aprender. A lo mejor descubren su futura carrera.<br><strong>P. \u00bfC\u00f3mo entras en la danza cl\u00e1sica? Tus padres son bailarines pero de danza espa\u00f1ola.<\/strong><br><strong>R.<\/strong> Empec\u00e9 con ellos haciendo cl\u00e1sico espa\u00f1ol, contempor\u00e1neo. A los 11 o 12 a\u00f1os ya quer\u00eda dedicarme m\u00e1s al cl\u00e1sico y me llevaron al Centre de Dansa de Catalunya, en L\u2019Hospitalet, donde estoy ahora. (Los directores de la escuela, donde Sa\u00efd est\u00e1 becado desde que entr\u00f3 a estudiar en ella, son Roser Mu\u00f1oz y Joan Boix. Dos de sus referentes, adem\u00e1s de sus padres).<br><strong>P. \u00bfPor qu\u00e9 te pasaste a la cl\u00e1sica?<\/strong><br><strong>R.<\/strong> No lo s\u00e9. Es una pregunta muy complicada. Bailo de todo, tambi\u00e9n danza espa\u00f1ola, pero escog\u00ed la cl\u00e1sica porque lo sent\u00eda as\u00ed.<br><strong>P. \u00bfQu\u00e9 sientes al bailar? \u00bfQuieres expresar algo?<\/strong><br><strong>R.<\/strong> No s\u00e9, cuando escuchas la m\u00fasica&#8230; Tambi\u00e9n tienes que interpretar un papel, porque dentro de lo que est\u00e1s bailando hay una historia. El bailar\u00edn de danza no deja de tener tambi\u00e9n una parte de actor. Intentas guiarte por el personaje y tambi\u00e9n por lo que t\u00fa sientes.<br><strong>P. \u00bfCu\u00e1l va a ser tu futuro en el estudio de la danza? \u00bfContinuar\u00e1s en el CDC?<\/strong><br><strong>R.<\/strong> A m\u00ed me gustar\u00eda audicionar ya a los 18 a\u00f1os, a ver si puedo entrar en una compa\u00f1\u00eda. Ahora tengo 16, todav\u00eda me quedan 2 a\u00f1os en el CDC. Nacho Duato me escribi\u00f3 y me dijo que ten\u00eda las puertas abiertas de su compa\u00f1\u00eda en San Petersburgo cuando me sintiera preparado.<br><strong>P. Cuando Nacho Dueto te piropea tanto y te abre las puertas de su compa\u00f1\u00eda, \u00bfte asusta o te da alas para continuar?<\/strong><br><strong>R.<\/strong> Te da mucha esperanza e ilusi\u00f3n pensar que le he gustado al gran Nacho Duato, que no es una persona cualquiera. Tambi\u00e9n me est\u00e1 diciendo que mi trabajo va por buen camino para llegar lejos.<br><strong>P. Lo malo es que tienes que salir de Espa\u00f1a porque aqu\u00ed es imposible.<\/strong><br><strong>R.<\/strong> Aqu\u00ed no hay apoyo cultural ni pol\u00edtico. Las artes en Espa\u00f1a no las tienen presentes, no est\u00e1n valoradas.<br><strong>P. \u00bfPor qu\u00e9 piensas que el p\u00fablico aqu\u00ed no est\u00e1 educado como en otros pa\u00edses como Francia, por ejemplo?<\/strong><br><strong>R.<\/strong> La sociedad actual se gu\u00eda por el l\u00edder- El l\u00edder en este caso es el Gobierno. Si el Gobierno diese m\u00e1s posibilidades a la danza, creo que a la gente le gustar\u00eda e ir\u00eda a verla. Pero como no han tenido esa oportunidad no saben lo que es la danza y no la valoran.<br>En otros pa\u00edses hay compa\u00f1\u00edas en cada rinc\u00f3n. Y es porque el gobierno del pa\u00eds apoya esa cultura.<br><strong>P. La pena es que no se valora la danza ni el esfuerzo que hay detr\u00e1s de ese espect\u00e1culo.<\/strong><br><strong>R.<\/strong> Claro, porque no se tiene conocimiento de este arte. Por ejemplo, en Rusia el mejor trabajo que puedes tener es ser bailar\u00edn, tanto si eres chico como si eres chica. Y de bien peque\u00f1os ya est\u00e1n bailando. Es una cultura diferente.<br><strong>P. Cuando te presentaste a \u201cProdigios\u201d lo hiciste tambi\u00e9n para dar m\u00e1s visibilidad a la danza masculina. Porque aqu\u00ed tenemos a\u00fan muchos prejuicios de que la danza es para ni\u00f1as y si la baila un ni\u00f1o es que es afeminado.<\/strong><br><strong>R.<\/strong> S\u00ed. A m\u00ed me gust\u00f3 mucho \u201cProdigios\u201d porque por fin se ve\u00eda en televisi\u00f3n un programa que fomentaba el arte, no tanta chorrada de ir disfrazado y hacer un show que no vale. Adem\u00e1s, en el apartado de danza hab\u00eda m\u00e1s chicos que chicas. Es un programa que ha dado mucha visibilidad a la danza.<\/p>\n","protected":false},"excerpt":{"rendered":"<p>Sa\u00efd Ramos es el futuro, o tal vez ya es el presente de la danza cl\u00e1sica de nuestro pa\u00eds. La pasada primavera se convirti\u00f3 en el ganador de la primera edici\u00f3n del programa \u201cProdigios\u201d de TVE, recibiendo elogios de grandes como Nacho Duato, que ya le ha abierto las puertas de su compa\u00f1\u00eda. Vecino del [&hellip;]<\/p>\n","protected":false},"author":1,"featured_media":1311,"comment_status":"open","ping_status":"open","sticky":false,"template":"","format":"standard","meta":{"footnotes":""},"categories":[138],"tags":[152],"class_list":{"0":"post-1310","1":"post","2":"type-post","3":"status-publish","4":"format-standard","5":"has-post-thumbnail","7":"category-entrevistes","8":"tag-said"},"_links":{"self":[{"href":"https:\/\/www.areabesos.com\/diario\/wp-json\/wp\/v2\/posts\/1310","targetHints":{"allow":["GET"]}}],"collection":[{"href":"https:\/\/www.areabesos.com\/diario\/wp-json\/wp\/v2\/posts"}],"about":[{"href":"https:\/\/www.areabesos.com\/diario\/wp-json\/wp\/v2\/types\/post"}],"author":[{"embeddable":true,"href":"https:\/\/www.areabesos.com\/diario\/wp-json\/wp\/v2\/users\/1"}],"replies":[{"embeddable":true,"href":"https:\/\/www.areabesos.com\/diario\/wp-json\/wp\/v2\/comments?post=1310"}],"version-history":[{"count":1,"href":"https:\/\/www.areabesos.com\/diario\/wp-json\/wp\/v2\/posts\/1310\/revisions"}],"predecessor-version":[{"id":1312,"href":"https:\/\/www.areabesos.com\/diario\/wp-json\/wp\/v2\/posts\/1310\/revisions\/1312"}],"wp:featuredmedia":[{"embeddable":true,"href":"https:\/\/www.areabesos.com\/diario\/wp-json\/wp\/v2\/media\/1311"}],"wp:attachment":[{"href":"https:\/\/www.areabesos.com\/diario\/wp-json\/wp\/v2\/media?parent=1310"}],"wp:term":[{"taxonomy":"category","embeddable":true,"href":"https:\/\/www.areabesos.com\/diario\/wp-json\/wp\/v2\/categories?post=1310"},{"taxonomy":"post_tag","embeddable":true,"href":"https:\/\/www.areabesos.com\/diario\/wp-json\/wp\/v2\/tags?post=1310"}],"curies":[{"name":"wp","href":"https:\/\/api.w.org\/{rel}","templated":true}]}}