{"id":1251,"date":"2020-09-25T18:47:15","date_gmt":"2020-09-25T16:47:15","guid":{"rendered":"http:\/\/www.areabesos.com\/diario\/?p=1251"},"modified":"2020-09-25T18:47:17","modified_gmt":"2020-09-25T16:47:17","slug":"es-capten-noves-imatges-del-grup-familiar-de-lludrigues-a-la-conca-del-besos","status":"publish","type":"post","link":"https:\/\/www.areabesos.com\/diario\/es-capten-noves-imatges-del-grup-familiar-de-lludrigues-a-la-conca-del-besos\/","title":{"rendered":"Es capten noves imatges del grup familiar de ll\u00fadrigues a la conca del Bes\u00f2s"},"content":{"rendered":"\n<p>Quatre mesos despr\u00e9s de l\u2019obtenci\u00f3 de les primeres imatges que van evidenciar la reproducci\u00f3 de la ll\u00fadriga (Lutra lutra) a la conca del Bes\u00f2s, es confirma que el mateix grup familiar continua vinculat al territori.<br>En aquestes imatges, obtingudes a partir de la t\u00e8cnica no invasiva del fototrampeig, s\u2019observen les dues cries, d\u2019aproximadament 10 mesos d\u2019edat, que al llarg d\u2019aquest per\u00edode han igualat, i fins i tot superat, la mida de la mare.<br>La superviv\u00e8ncia de les dues cries, probablement un mascle i una femella, aix\u00ed com la seva continu\u00eftat al territori, s\u00f3n dos fets molt rellevants per la consolidaci\u00f3 i el futur de la poblaci\u00f3 d\u2019aquesta esp\u00e8cie a la conca del Bes\u00f2s, despr\u00e9s de la seva extinci\u00f3 durant la segona meitat del segle XX.<br>La l\u00ednia de seguiment de la ll\u00fadriga a les conques del Bes\u00f2s i de la Tordera, dut a terme per l\u2019investigador Arnau Tolr\u00e0 i amb l\u2019assessorament del Dr. Jordi Ruiz-Olmo, es desenvolupa en el marc del projecte Observatori RIVUS i \u00e9s fruit de la col\u00b7laboraci\u00f3 entre la Fundaci\u00f3 RIVUS, el Consorci Bes\u00f2s Tordera, la Fundaci\u00f3 Barcelona Zoo i l\u2019Institut de Ci\u00e8ncia i Tecnologia Ambientals de la Universitat Aut\u00f2noma de Barcelona (ICTA-UAB) i el patrocini de les empreses Grifols i Freudenberg.<br>L\u2019estudi ha perm\u00e8s determinar aix\u00ed que la reproducci\u00f3 d\u2019aquesta esp\u00e8cie es troba estretament relacionada amb la pres\u00e8ncia d\u2019una bona qualitat de l\u2019h\u00e0bitat. En aquest sentit, \u00e9s durant l\u2019\u00e8poca de cria que el paper bioindicador de la ll\u00fadriga pren encara m\u00e9s rellev\u00e0ncia, precisament a causa de l\u2019exig\u00e8ncia de selecci\u00f3 de les \u00e0rees m\u00e9s id\u00f2nies.<\/p>\n","protected":false},"excerpt":{"rendered":"<p>Quatre mesos despr\u00e9s de l\u2019obtenci\u00f3 de les primeres imatges que van evidenciar la reproducci\u00f3 de la ll\u00fadriga (Lutra lutra) a la conca del Bes\u00f2s, es confirma que el mateix grup familiar continua vinculat al territori.En aquestes imatges, obtingudes a partir de la t\u00e8cnica no invasiva del fototrampeig, s\u2019observen les dues cries, d\u2019aproximadament 10 mesos d\u2019edat, [&hellip;]<\/p>\n","protected":false},"author":1,"featured_media":1253,"comment_status":"open","ping_status":"open","sticky":false,"template":"","format":"video","meta":{"footnotes":""},"categories":[134,140],"tags":[],"class_list":{"0":"post-1251","1":"post","2":"type-post","3":"status-publish","4":"format-video","5":"has-post-thumbnail","7":"category-actualitat","8":"category-video-2","9":"post_format-post-format-video"},"_links":{"self":[{"href":"https:\/\/www.areabesos.com\/diario\/wp-json\/wp\/v2\/posts\/1251","targetHints":{"allow":["GET"]}}],"collection":[{"href":"https:\/\/www.areabesos.com\/diario\/wp-json\/wp\/v2\/posts"}],"about":[{"href":"https:\/\/www.areabesos.com\/diario\/wp-json\/wp\/v2\/types\/post"}],"author":[{"embeddable":true,"href":"https:\/\/www.areabesos.com\/diario\/wp-json\/wp\/v2\/users\/1"}],"replies":[{"embeddable":true,"href":"https:\/\/www.areabesos.com\/diario\/wp-json\/wp\/v2\/comments?post=1251"}],"version-history":[{"count":1,"href":"https:\/\/www.areabesos.com\/diario\/wp-json\/wp\/v2\/posts\/1251\/revisions"}],"predecessor-version":[{"id":1252,"href":"https:\/\/www.areabesos.com\/diario\/wp-json\/wp\/v2\/posts\/1251\/revisions\/1252"}],"wp:featuredmedia":[{"embeddable":true,"href":"https:\/\/www.areabesos.com\/diario\/wp-json\/wp\/v2\/media\/1253"}],"wp:attachment":[{"href":"https:\/\/www.areabesos.com\/diario\/wp-json\/wp\/v2\/media?parent=1251"}],"wp:term":[{"taxonomy":"category","embeddable":true,"href":"https:\/\/www.areabesos.com\/diario\/wp-json\/wp\/v2\/categories?post=1251"},{"taxonomy":"post_tag","embeddable":true,"href":"https:\/\/www.areabesos.com\/diario\/wp-json\/wp\/v2\/tags?post=1251"}],"curies":[{"name":"wp","href":"https:\/\/api.w.org\/{rel}","templated":true}]}}