{"id":10075,"date":"2026-09-04T10:49:17","date_gmt":"2026-09-04T08:49:17","guid":{"rendered":"https:\/\/www.areabesos.com\/diario\/?p=10075"},"modified":"2026-09-04T10:49:18","modified_gmt":"2026-09-04T08:49:18","slug":"el-parc-fluvial-del-besos-convida-a-descobrir-els-ocells-del-riu-en-una-jornada-danellament-oberta-al-public","status":"publish","type":"post","link":"https:\/\/www.areabesos.com\/diario\/el-parc-fluvial-del-besos-convida-a-descobrir-els-ocells-del-riu-en-una-jornada-danellament-oberta-al-public\/","title":{"rendered":"El Parc Fluvial del Bes\u00f2s convida a descobrir els ocells del riu en una jornada d\u2019anellament oberta al p\u00fablic"},"content":{"rendered":"\n<p class=\"wp-block-paragraph\">El Parc Fluvial del Bes\u00f2s organitza aquest dissabte, 5 de setembre, una jornada d\u2019anellament d\u2019ocells oberta a la ciutadania. L\u2019activitat tindr\u00e0 lloc de 10 a 12.30 h a la zona d\u2019\u00fas p\u00fablic del Parc, situada sota el pont de la B-20, a Santa Coloma de Gramenet. S\u2019hi pot arribar pels accessos de Pallaresa i Can Zam.<\/p>\n\n\n\n<p class=\"wp-block-paragraph\">Durant l\u2019activitat s\u2019anellaran diferents esp\u00e8cies d\u2019ocells capturats in situ, i els participants podran observar de prop el proc\u00e9s d\u2019anellament. La sessi\u00f3 estar\u00e0 dirigida i coordinada pel bi\u00f2leg i anellador Xavier Larruy.<\/p>\n\n\n\n<p class=\"wp-block-paragraph\"><strong>Una activitat amb finalitats cient\u00edfiques i pedag\u00f2giques<\/strong><\/p>\n\n\n\n<p class=\"wp-block-paragraph\">L\u2019anellament cient\u00edfic d\u2019ocells consisteix a col\u00b7locar-los una anella amb un codi \u00fanic de lletres i n\u00fameros per identificar-los individualment. Quan un exemplar \u00e9s capturat de nou, ja sigui al Parc Fluvial del Bes\u00f2s o en qualsevol altre indret, aquesta identificaci\u00f3 serveix per con\u00e8ixer la seva hist\u00f2ria i estudiar aspectes com la taxa de superviv\u00e8ncia, la fenologia, l\u2019abund\u00e0ncia i l\u2019\u00e8xit reproductor de cada esp\u00e8cie.<\/p>\n\n\n\n<p class=\"wp-block-paragraph\">Alhora, aquestes jornades permeten apropar aquest coneixement a la ciutadania i explicar la import\u00e0ncia de la vegetaci\u00f3 del Parc per a la conservaci\u00f3 d\u2019una gran varietat d\u2019esp\u00e8cies d\u2019aus migradores, hivernants i sedent\u00e0ries, que sovint s\u00f3n dif\u00edcils d\u2019observar.<\/p>\n\n\n\n<p class=\"wp-block-paragraph\">En la sessi\u00f3 d\u2019anellament celebrada a Sant Adri\u00e0 del Bes\u00f2s el setembre de 2025 es van capturar 39 exemplars de 16 esp\u00e8cies, on destaquen els 10 blauets (<em>Alcedo atthis<\/em>) i una cotxa blava (<em>Luscinia svecica<\/em>)anellats, amb l\u2019assist\u00e8ncia d\u2019un centenar de persones.<\/p>\n\n\n\n<p class=\"wp-block-paragraph\">La jornada d\u2019aquest dissabte apropar\u00e0 de nou a la ciutadania el coneixement dels ocells del Parc Fluvial del Bes\u00f2s i la tasca cient\u00edfica que hi ha darrere del seu seguiment.<\/p>\n","protected":false},"excerpt":{"rendered":"<p>El Parc Fluvial del Bes\u00f2s organitza aquest dissabte, 5 de setembre, una jornada d\u2019anellament d\u2019ocells oberta a la ciutadania. L\u2019activitat tindr\u00e0 lloc de 10 a 12.30 h a la zona d\u2019\u00fas p\u00fablic del Parc, situada sota el pont de la B-20, a Santa Coloma de Gramenet. S\u2019hi pot arribar pels accessos de Pallaresa i Can [&hellip;]<\/p>\n","protected":false},"author":2,"featured_media":10076,"comment_status":"closed","ping_status":"open","sticky":false,"template":"","format":"standard","meta":{"footnotes":""},"categories":[134],"tags":[],"class_list":["post-10075","post","type-post","status-publish","format-standard","has-post-thumbnail","category-actualitat"],"_links":{"self":[{"href":"https:\/\/www.areabesos.com\/diario\/wp-json\/wp\/v2\/posts\/10075","targetHints":{"allow":["GET"]}}],"collection":[{"href":"https:\/\/www.areabesos.com\/diario\/wp-json\/wp\/v2\/posts"}],"about":[{"href":"https:\/\/www.areabesos.com\/diario\/wp-json\/wp\/v2\/types\/post"}],"author":[{"embeddable":true,"href":"https:\/\/www.areabesos.com\/diario\/wp-json\/wp\/v2\/users\/2"}],"replies":[{"embeddable":true,"href":"https:\/\/www.areabesos.com\/diario\/wp-json\/wp\/v2\/comments?post=10075"}],"version-history":[{"count":1,"href":"https:\/\/www.areabesos.com\/diario\/wp-json\/wp\/v2\/posts\/10075\/revisions"}],"predecessor-version":[{"id":10077,"href":"https:\/\/www.areabesos.com\/diario\/wp-json\/wp\/v2\/posts\/10075\/revisions\/10077"}],"wp:featuredmedia":[{"embeddable":true,"href":"https:\/\/www.areabesos.com\/diario\/wp-json\/wp\/v2\/media\/10076"}],"wp:attachment":[{"href":"https:\/\/www.areabesos.com\/diario\/wp-json\/wp\/v2\/media?parent=10075"}],"wp:term":[{"taxonomy":"category","embeddable":true,"href":"https:\/\/www.areabesos.com\/diario\/wp-json\/wp\/v2\/categories?post=10075"},{"taxonomy":"post_tag","embeddable":true,"href":"https:\/\/www.areabesos.com\/diario\/wp-json\/wp\/v2\/tags?post=10075"}],"curies":[{"name":"wp","href":"https:\/\/api.w.org\/{rel}","templated":true}]}}