{"id":10071,"date":"2026-09-02T20:39:00","date_gmt":"2026-09-02T18:39:00","guid":{"rendered":"https:\/\/www.areabesos.com\/diario\/?p=10071"},"modified":"2026-09-03T10:44:38","modified_gmt":"2026-09-03T08:44:38","slug":"troben-un-nado-sense-vida-dins-duna-bossa-de-plastic-al-repla-dun-bloc-de-pisos-al-barri-de-la-mina","status":"publish","type":"post","link":"https:\/\/www.areabesos.com\/diario\/troben-un-nado-sense-vida-dins-duna-bossa-de-plastic-al-repla-dun-bloc-de-pisos-al-barri-de-la-mina\/","title":{"rendered":"Troben un nad\u00f3 sense vida dins d&#8217;una bossa de pl\u00e0stic al repl\u00e0 d&#8217;un bloc de pisos al barri de La Mina"},"content":{"rendered":"\n<p class=\"wp-block-paragraph\">Avui al migdia s&#8217;ha trobat el cos sense vida d&#8217;un infant al repl\u00e0 de l&#8217;escala d&#8217;un bloc de pisos al carrer Llevant del barri de La Mina. Una persona hauria alertat els Mossos en trobar una bossa de pl\u00e0stic amb sang. Quan han arribat els agents han trobat dins el cos sense vida del nad\u00f3, del que encara es desconeix l&#8217;edat i la identitat de la seva fam\u00edlia. Les autoritats treballen per esclarir les circumst\u00e0ncies de la mort del menor.<\/p>\n","protected":false},"excerpt":{"rendered":"<p>Avui al migdia s&#8217;ha trobat el cos sense vida d&#8217;un infant al repl\u00e0 de l&#8217;escala d&#8217;un bloc de pisos al carrer Llevant del barri de La Mina. Una persona hauria alertat els Mossos en trobar una bossa de pl\u00e0stic amb sang. Quan han arribat els agents han trobat dins el cos sense vida del nad\u00f3, [&hellip;]<\/p>\n","protected":false},"author":2,"featured_media":1531,"comment_status":"closed","ping_status":"open","sticky":false,"template":"","format":"standard","meta":{"footnotes":""},"categories":[134],"tags":[],"class_list":["post-10071","post","type-post","status-publish","format-standard","has-post-thumbnail","category-actualitat"],"_links":{"self":[{"href":"https:\/\/www.areabesos.com\/diario\/wp-json\/wp\/v2\/posts\/10071","targetHints":{"allow":["GET"]}}],"collection":[{"href":"https:\/\/www.areabesos.com\/diario\/wp-json\/wp\/v2\/posts"}],"about":[{"href":"https:\/\/www.areabesos.com\/diario\/wp-json\/wp\/v2\/types\/post"}],"author":[{"embeddable":true,"href":"https:\/\/www.areabesos.com\/diario\/wp-json\/wp\/v2\/users\/2"}],"replies":[{"embeddable":true,"href":"https:\/\/www.areabesos.com\/diario\/wp-json\/wp\/v2\/comments?post=10071"}],"version-history":[{"count":1,"href":"https:\/\/www.areabesos.com\/diario\/wp-json\/wp\/v2\/posts\/10071\/revisions"}],"predecessor-version":[{"id":10072,"href":"https:\/\/www.areabesos.com\/diario\/wp-json\/wp\/v2\/posts\/10071\/revisions\/10072"}],"wp:featuredmedia":[{"embeddable":true,"href":"https:\/\/www.areabesos.com\/diario\/wp-json\/wp\/v2\/media\/1531"}],"wp:attachment":[{"href":"https:\/\/www.areabesos.com\/diario\/wp-json\/wp\/v2\/media?parent=10071"}],"wp:term":[{"taxonomy":"category","embeddable":true,"href":"https:\/\/www.areabesos.com\/diario\/wp-json\/wp\/v2\/categories?post=10071"},{"taxonomy":"post_tag","embeddable":true,"href":"https:\/\/www.areabesos.com\/diario\/wp-json\/wp\/v2\/tags?post=10071"}],"curies":[{"name":"wp","href":"https:\/\/api.w.org\/{rel}","templated":true}]}}