{"id":10069,"date":"2026-08-30T13:14:50","date_gmt":"2026-08-30T11:14:50","guid":{"rendered":"https:\/\/www.areabesos.com\/diario\/?p=10069"},"modified":"2026-09-02T13:25:20","modified_gmt":"2026-09-02T11:25:20","slug":"mi-pueblo-viure-a-sant-adria","status":"publish","type":"post","link":"https:\/\/www.areabesos.com\/diario\/mi-pueblo-viure-a-sant-adria\/","title":{"rendered":"Mi \u00abpueblo\u00bb (Viure a Sant Adri\u00e0)"},"content":{"rendered":"\n<p class=\"wp-block-paragraph\">Mi \u201cpueblo\u201d es Sant Adri\u00e0 de Bes\u00f2s. Cada mes editan un bolet\u00edn donde participan, dando sus opiniones, los alcaldes y los partidos de la oposici\u00f3n. En Sant Adri\u00e0 parece que han olvidado que estamos en Fiestas Mayores. Por lo que respecta a la alcaldesa, creo que su escrito es correcto ya que debemos estar en un momento de paz y felicidad, al menos durante estas fiestas. Al parecer los diferentes partidos aprovechan el espacio que les dan para criticar sobre diferentes temas, como cambio clim\u00e1tico, limpieza, seguridad, vivienda y un etc., seguramente ser\u00e1 por falta de informaci\u00f3n. Creo que ahora no toca, tienen toda la legislatura para seguir opinando sobre lo que hacen. Los no adscritos he estado leyendo sus opiniones, escriben en letras casi ilegibles y no solo una vez, casi siempre igual. Quiero decirle que muchos no podemos leerlo, aunque haciendo un gran esfuerzo, lo leemos y estamos de acuerdo con sus explicaciones, es el \u00fanico que centra los temas con mejor visi\u00f3n en la \u00e9poca que estamos. Quiero comentar que en \u201cpueblos\u201d como el m\u00edo, no se suele votar a los partidos, m\u00e1s bien a las personas que se presentan como alcaldes. En mi pueblo pasa una cosa muy curiosa, casi nadie ve a nadie que pueda gobernar la alcald\u00eda. Parece que durante toda la legislatura pasa como en las reuniones de escalera o de vecinos, supongo que ustedes ya entender\u00e1n \u2026.<\/p>\n\n\n\n<p class=\"wp-block-paragraph\">Por ultimo, tengo que decirles que yo vivo en mi \u201dpueblo\u201d desde hace m\u00e1s de 80 a\u00f1os, ya que he nacido aqu\u00ed, y tengo que decir que hemos progresado mucho durante estos 40 \u00faltimos a\u00f1os. Espero que sigamos en esta l\u00ednea aunque los opositores nunca estar\u00e1n de acuerdo. Y lo mismo les pasar\u00e1 a los que pudieran entrar a gobernar<\/p>\n\n\n\n<p class=\"wp-block-paragraph\">Un saludo y buenas fiestas para todos.<\/p>\n\n\n\n<p class=\"wp-block-paragraph\"><strong>Jos\u00e9 Meg\u00edas<\/strong><\/p>\n","protected":false},"excerpt":{"rendered":"<p>Mi \u201cpueblo\u201d es Sant Adri\u00e0 de Bes\u00f2s. Cada mes editan un bolet\u00edn donde participan, dando sus opiniones, los alcaldes y los partidos de la oposici\u00f3n. En Sant Adri\u00e0 parece que han olvidado que estamos en Fiestas Mayores. Por lo que respecta a la alcaldesa, creo que su escrito es correcto ya que debemos estar en [&hellip;]<\/p>\n","protected":false},"author":2,"featured_media":9680,"comment_status":"closed","ping_status":"open","sticky":false,"template":"","format":"standard","meta":{"footnotes":""},"categories":[139],"tags":[],"class_list":["post-10069","post","type-post","status-publish","format-standard","has-post-thumbnail","category-opinio"],"_links":{"self":[{"href":"https:\/\/www.areabesos.com\/diario\/wp-json\/wp\/v2\/posts\/10069","targetHints":{"allow":["GET"]}}],"collection":[{"href":"https:\/\/www.areabesos.com\/diario\/wp-json\/wp\/v2\/posts"}],"about":[{"href":"https:\/\/www.areabesos.com\/diario\/wp-json\/wp\/v2\/types\/post"}],"author":[{"embeddable":true,"href":"https:\/\/www.areabesos.com\/diario\/wp-json\/wp\/v2\/users\/2"}],"replies":[{"embeddable":true,"href":"https:\/\/www.areabesos.com\/diario\/wp-json\/wp\/v2\/comments?post=10069"}],"version-history":[{"count":1,"href":"https:\/\/www.areabesos.com\/diario\/wp-json\/wp\/v2\/posts\/10069\/revisions"}],"predecessor-version":[{"id":10070,"href":"https:\/\/www.areabesos.com\/diario\/wp-json\/wp\/v2\/posts\/10069\/revisions\/10070"}],"wp:featuredmedia":[{"embeddable":true,"href":"https:\/\/www.areabesos.com\/diario\/wp-json\/wp\/v2\/media\/9680"}],"wp:attachment":[{"href":"https:\/\/www.areabesos.com\/diario\/wp-json\/wp\/v2\/media?parent=10069"}],"wp:term":[{"taxonomy":"category","embeddable":true,"href":"https:\/\/www.areabesos.com\/diario\/wp-json\/wp\/v2\/categories?post=10069"},{"taxonomy":"post_tag","embeddable":true,"href":"https:\/\/www.areabesos.com\/diario\/wp-json\/wp\/v2\/tags?post=10069"}],"curies":[{"name":"wp","href":"https:\/\/api.w.org\/{rel}","templated":true}]}}