{"id":10067,"date":"2026-09-01T13:07:46","date_gmt":"2026-09-01T11:07:46","guid":{"rendered":"https:\/\/www.areabesos.com\/diario\/?p=10067"},"modified":"2026-09-01T13:07:47","modified_gmt":"2026-09-01T11:07:47","slug":"area-besos-356-especial-festa-major-2026","status":"publish","type":"post","link":"https:\/\/www.areabesos.com\/diario\/area-besos-356-especial-festa-major-2026\/","title":{"rendered":"\u00c0rea Bes\u00f2s 356 Especial Festa Major 2026"},"content":{"rendered":"\n<p class=\"wp-block-paragraph\">En el n\u00famero especial de l&#8217;\u00c0rea Bes\u00f2s per la Festa Major 2026, entrevistem els pregoners, Xavier Andr\u00e9s i Vicen\u00e7 Gonz\u00e1lez, presidents de CASAB i AVAMSA, aix\u00ed com a l&#8217;Osquestra Maravella i el grup adrianenc Yellowariors. Destaquem tamb\u00e9 la primera edici\u00f3 de la Fira Marinera. <\/p>\n\n\n<div class=\"wp-block-pdfemb-pdf-embedder-viewer\"><a href=\"https:\/\/www.areabesos.com\/diario\/wp-content\/uploads\/2026\/09\/AB0356.pdf\" class=\"pdfemb-viewer\" style=\"\" data-width=\"max\" data-height=\"max\" data-toolbar=\"both\" data-toolbar-fixed=\"on\">AB0356<\/a><\/div>","protected":false},"excerpt":{"rendered":"<p>En el n\u00famero especial de l&#8217;\u00c0rea Bes\u00f2s per la Festa Major 2026, entrevistem els pregoners, Xavier Andr\u00e9s i Vicen\u00e7 Gonz\u00e1lez, presidents de CASAB i AVAMSA, aix\u00ed com a l&#8217;Osquestra Maravella i el grup adrianenc Yellowariors. Destaquem tamb\u00e9 la primera edici\u00f3 de la Fira Marinera.<\/p>\n","protected":false},"author":1,"featured_media":10066,"comment_status":"closed","ping_status":"open","sticky":false,"template":"","format":"standard","meta":{"footnotes":""},"categories":[141],"tags":[],"class_list":["post-10067","post","type-post","status-publish","format-standard","has-post-thumbnail","category-edicio-impresa"],"_links":{"self":[{"href":"https:\/\/www.areabesos.com\/diario\/wp-json\/wp\/v2\/posts\/10067","targetHints":{"allow":["GET"]}}],"collection":[{"href":"https:\/\/www.areabesos.com\/diario\/wp-json\/wp\/v2\/posts"}],"about":[{"href":"https:\/\/www.areabesos.com\/diario\/wp-json\/wp\/v2\/types\/post"}],"author":[{"embeddable":true,"href":"https:\/\/www.areabesos.com\/diario\/wp-json\/wp\/v2\/users\/1"}],"replies":[{"embeddable":true,"href":"https:\/\/www.areabesos.com\/diario\/wp-json\/wp\/v2\/comments?post=10067"}],"version-history":[{"count":1,"href":"https:\/\/www.areabesos.com\/diario\/wp-json\/wp\/v2\/posts\/10067\/revisions"}],"predecessor-version":[{"id":10068,"href":"https:\/\/www.areabesos.com\/diario\/wp-json\/wp\/v2\/posts\/10067\/revisions\/10068"}],"wp:featuredmedia":[{"embeddable":true,"href":"https:\/\/www.areabesos.com\/diario\/wp-json\/wp\/v2\/media\/10066"}],"wp:attachment":[{"href":"https:\/\/www.areabesos.com\/diario\/wp-json\/wp\/v2\/media?parent=10067"}],"wp:term":[{"taxonomy":"category","embeddable":true,"href":"https:\/\/www.areabesos.com\/diario\/wp-json\/wp\/v2\/categories?post=10067"},{"taxonomy":"post_tag","embeddable":true,"href":"https:\/\/www.areabesos.com\/diario\/wp-json\/wp\/v2\/tags?post=10067"}],"curies":[{"name":"wp","href":"https:\/\/api.w.org\/{rel}","templated":true}]}}