{"id":10057,"date":"2026-08-31T12:41:02","date_gmt":"2026-08-31T10:41:02","guid":{"rendered":"https:\/\/www.areabesos.com\/diario\/?p=10057"},"modified":"2026-08-31T12:41:03","modified_gmt":"2026-08-31T10:41:03","slug":"al-comerc-local-atenem-amb-mes-carinyo-al-client","status":"publish","type":"post","link":"https:\/\/www.areabesos.com\/diario\/al-comerc-local-atenem-amb-mes-carinyo-al-client\/","title":{"rendered":"\u201cAl comer\u00e7 local atenem amb m\u00e9s carinyo al client\u201d"},"content":{"rendered":"\n<p class=\"wp-block-paragraph\"><strong>Pregoners de la Festa Major 2026. Comerciants Associats de Sant Adri\u00e0 de Bes\u00f2s (CASAB) i l\u2019Associaci\u00f3 de Venedors Aut\u00f2noms del Mercat de Sant Adri\u00e0 de Bes\u00f2s (AVAMSA)<\/strong><\/p>\n\n\n\n<p class=\"wp-block-paragraph\">Enguany, el preg\u00f3 de Festa Major est\u00e0 destinat a premiar la feina del comer\u00e7 local, dels qui porten molt de temps lluitant per fer-lo m\u00e9s gran i dels qui s\u2019han embarcat fa pocs mesos en aquesta epopeia. Els pregoners seran l\u2019Associaci\u00f3 de Venedors Aut\u00f2noms del Mercat (AVAMSA) i Comerciants Associats de Sant Adri\u00e0 de Bes\u00f2s (CASAB). Parlem amb els seus presidents, Vicen\u00e7 Gonz\u00e1lez Garcia i Xavier Andr\u00e9s Rodr\u00edguez, respectivament.<br>Vicen\u00e7 \u00e9s la segona generaci\u00f3 de paradistes al Mercat Municipal, despr\u00e9s dels seus pares que van fundar el negoci als anys 60. Parlem de per qu\u00e8 la meitat de les parades del Mercat estan buides. Les raons les t\u00e9 molt clares: no hi ha relleu generacional, les traves burocr\u00e0tiques eternitzen el proc\u00e9s, costa molt trobar depenents qualificats. Per aix\u00f2, quan la gent es jubila, ning\u00fa agafa les parades. A m\u00e9s, a la gent li costa anar al mercat. \u201cHi ha hagut un canvi de tend\u00e8ncia en la gent. Abans, a l\u2019\u00e0mbit familiar nom\u00e9s treballava una persona, generalment el pare, ara treballen els dos, els nanos es queden al cole a dinar. El m\u00f3n ha canviat molt r\u00e0pid, massa, els h\u00e0bits canvien i abans es feien tots els \u00e0pats a casa i ara nom\u00e9s un, que \u00e9s el sopar. Mira tota la gent que menja de men\u00fa, els supermercats estan derivats a menjars preparats, i tot aix\u00f2 \u00e9s per alguna cosa. Els pisos cada vegada es fan amb cuines m\u00e9s petites, o directament sense cuines. Ja no es cuina, es fan sopars r\u00e0pids i la vida evoluciona cap aqu\u00ed\u201d.<br>No ser\u00e0 que els paradistes no hi posin de la seva part per aconseguir que la gent compri al mercat. \u201cCada dos per tres fem campanyes. Al Nadal fem una molt gran amb vals de compra, amb activitats, etc. Donem tot tipus de facilitats a la ciutadania, portem la compra a domicili. Avui en dia \u00e9s el que reclama el comer\u00e7, i nosaltres ens hi adaptem\u201d. Per Festa Major tamb\u00e9 fan activitats, amb jocs pensats pels m\u00e9s petits durant tot el mat\u00ed del pr\u00f2xim dia 5 de setembre.<br>Quan li van proposar de fer el preg\u00f3, \u201ccom que conec a la Filo de fa molts anys vaig pensar que me l\u2019havia tornada, en plan broma. Per\u00f2 no, vaig pensar que estava molt b\u00e9 perqu\u00e8 la nova associaci\u00f3, CASAB, l\u2019han creada amb molta il\u00b7lusi\u00f3, estan molt involucrats. El Mercat es retroalimenta amb tot el comer\u00e7 de la ciutat, i considero que est\u00e0 b\u00e9 que es faci difusi\u00f3 del que \u00e9s el comer\u00e7 del poble en un esdeveniment com \u00e9s la Festa Major\u201d. Li preguntem si ser\u00e0 un preg\u00f3 reivindicatiu o festiu. \u201cQuan he de parlar sempre faig les meves reivindicacions. Farem un mix\u201d, ens confessa.<\/p>\n\n\n\n<div><a href=\"https:\/\/www.areabesos.com\/diario\/wp-content\/uploads\/2026\/08\/pregoners2026.jpg\" class=\"td-modal-image\"><figure class=\"wp-block-image size-full\"><img loading=\"lazy\" decoding=\"async\" width=\"1200\" height=\"732\" src=\"https:\/\/www.areabesos.com\/diario\/wp-content\/uploads\/2026\/08\/pregoners2026.jpg\" alt=\"\" class=\"wp-image-10058\"\/><\/figure><\/a><\/div>\n\n\n\n<p class=\"wp-block-paragraph\"><br>Les ganes de treballar de la nova associaci\u00f3 de comerciants de la ciutat CASAB ens les confirma el seu president, Xavier Andr\u00e9s, creador d\u2019Anrolet. Tot i que l\u2019entitat es va presentar el passat mes d\u2019abril, port\u00e0ven molts mesos treballant perqu\u00e8 fos una realitat. Una realitat molt esperada tamb\u00e9 per l\u2019Ajuntament. \u201cQuan vam presentar la idea al consistori, ens van dir que cap endavant\u201d, en comenta Xavier. \u00c9s cert. Quan li vam preguntar a l\u2019alcaldessa adrianenca, Filo Ca\u00f1ete, pocs dies abans de la presentaci\u00f3, estava encantada de qu\u00e8, per fi, la ciutat tingu\u00e9s de nou, 20 anys despr\u00e9s, una associaci\u00f3 de comerciants per tota la ciutat.<br>Quan li preguntem a Xavier qui s\u00f3n a CASAB ens diu: \u201csom 4 persones joves que volem fer aix\u00f2 cr\u00e9ixer i tenir futur a Sant Adri\u00e0\u201d. La filosofia \u00e9s clara: el que volen \u00e9s fer barri. \u201cCrec que aquesta ha de ser la nostra bandera. Hem d\u2019intentar ser un comer\u00e7 pioner a la zona, i que gent d\u2019altres barris vinguin a comprar a Sant Adri\u00e0\u201d. Per aix\u00f2, quan li preguntem si \u00e9s dif\u00edcil competir amb grans ciutats del voltant com Barcelona o Badalona, que moltes vegades \u201croben\u201d clientela al comer\u00e7 local de Sant Adri\u00e0, ens confessa que no s\u2019ha de tenir por a la compet\u00e8ncia.<br>Per ara s\u00f3n uns 38 associats i estan treballant en futures campanyes, molt potents, de cara a Halloween i el Nadal. I no descarta recuperar la Shopping night que va organitzar un parell d\u2019anys l\u2019anterior associaci\u00f3 de comerciants. \u201cHem de treballar molt perqu\u00e8 la cosa est\u00e0 fotuda, no nom\u00e9s a Sant Adri\u00e0, a tot el pa\u00eds. Per\u00f2 hem de fer pinya perqu\u00e8 junts serem m\u00e9s forts que si tots anem cadasc\u00fa per la seva banda\u201d.<br>El fet que l\u2019Ajuntament els hagi proposat fer el preg\u00f3, juntament amb AVAMSA, els ha donat un plus de motivaci\u00f3. \u201cVa ser un orgull quan ens van dir de fer el preg\u00f3. \u00c9s una experi\u00e8ncia nova. Aprofitarem per donar-nos a con\u00e8ixer. Ser\u00e0 una experi\u00e8ncia molt positiva, segur. Estem molt il\u00b7lusionats\u201d. Li preguntem com \u00e9s la relaci\u00f3 amb AVAMSA i ens comenta que el primer que van fer va ser presentar-se i assegura que faran moltes coses junts. \u201cLa primera ser\u00e0 el preg\u00f3, per\u00f2 no ser\u00e0 la darrera\u201d.<br>Aconseguir que la gent compri a casa, a la seva ciutat, no t\u00e9 secrets pel Xavier. T\u00e9 molt clar com atreure clientela. \u201cDiria a la gent que el comer\u00e7 de Sant Adri\u00e0, el comer\u00e7 local, petit, l\u2019atendr\u00e0 molt millor com a client, amb m\u00e9s carinyo, i se sentiran millor que en una gran superf\u00edcie\u201d.<br>Ni Vicen\u00e7 ni Xavier s\u00f3n molt de Festa Major. La feina no els deixa gaudir molt dels actes. En Vicen\u00e7, a m\u00e9s de les seves peixateries, \u00e9s propietari del Restaurant Cap-i-cua, aix\u00ed que la Festa Major la passa treballant. Molt semblant a Xavier, qui ens confessa que alguna Ruta del Kinto s\u00ed que ha fet, i que si es presenta un bon pla, i li deixa la feina, s\u2019apunta algun acte. Sigui com sigui, la Festa Major del 2026 no l\u2019oblidaran mai.<\/p>\n","protected":false},"excerpt":{"rendered":"<p>Pregoners de la Festa Major 2026. Comerciants Associats de Sant Adri\u00e0 de Bes\u00f2s (CASAB) i l\u2019Associaci\u00f3 de Venedors Aut\u00f2noms del Mercat de Sant Adri\u00e0 de Bes\u00f2s (AVAMSA) Enguany, el preg\u00f3 de Festa Major est\u00e0 destinat a premiar la feina del comer\u00e7 local, dels qui porten molt de temps lluitant per fer-lo m\u00e9s gran i dels [&hellip;]<\/p>\n","protected":false},"author":1,"featured_media":10058,"comment_status":"closed","ping_status":"open","sticky":false,"template":"","format":"standard","meta":{"footnotes":""},"categories":[134,138],"tags":[],"class_list":["post-10057","post","type-post","status-publish","format-standard","has-post-thumbnail","category-actualitat","category-entrevistes"],"_links":{"self":[{"href":"https:\/\/www.areabesos.com\/diario\/wp-json\/wp\/v2\/posts\/10057","targetHints":{"allow":["GET"]}}],"collection":[{"href":"https:\/\/www.areabesos.com\/diario\/wp-json\/wp\/v2\/posts"}],"about":[{"href":"https:\/\/www.areabesos.com\/diario\/wp-json\/wp\/v2\/types\/post"}],"author":[{"embeddable":true,"href":"https:\/\/www.areabesos.com\/diario\/wp-json\/wp\/v2\/users\/1"}],"replies":[{"embeddable":true,"href":"https:\/\/www.areabesos.com\/diario\/wp-json\/wp\/v2\/comments?post=10057"}],"version-history":[{"count":1,"href":"https:\/\/www.areabesos.com\/diario\/wp-json\/wp\/v2\/posts\/10057\/revisions"}],"predecessor-version":[{"id":10059,"href":"https:\/\/www.areabesos.com\/diario\/wp-json\/wp\/v2\/posts\/10057\/revisions\/10059"}],"wp:featuredmedia":[{"embeddable":true,"href":"https:\/\/www.areabesos.com\/diario\/wp-json\/wp\/v2\/media\/10058"}],"wp:attachment":[{"href":"https:\/\/www.areabesos.com\/diario\/wp-json\/wp\/v2\/media?parent=10057"}],"wp:term":[{"taxonomy":"category","embeddable":true,"href":"https:\/\/www.areabesos.com\/diario\/wp-json\/wp\/v2\/categories?post=10057"},{"taxonomy":"post_tag","embeddable":true,"href":"https:\/\/www.areabesos.com\/diario\/wp-json\/wp\/v2\/tags?post=10057"}],"curies":[{"name":"wp","href":"https:\/\/api.w.org\/{rel}","templated":true}]}}